{"id":3446,"date":"2025-04-10T16:29:37","date_gmt":"2025-04-10T15:29:37","guid":{"rendered":"http:\/\/www.fo-saint-etienne.fr\/fomunvse\/?p=3446"},"modified":"2025-04-10T16:29:37","modified_gmt":"2025-04-10T15:29:37","slug":"la-remuneration-pendant-un-conge-de-maladie-ordinaire","status":"publish","type":"post","link":"https:\/\/www.fo-saint-etienne.fr\/fomunvse\/?p=3446","title":{"rendered":"La r\u00e9mun\u00e9ration pendant un cong\u00e9 de maladie ordinaire"},"content":{"rendered":"<h4 style=\"color: #993366;\">L\u2019article 189 de la loi de finances de 2025 n\u00b0 2025-127 du 14 f\u00e9vrier 2025 a modifi\u00e9 la r\u00e9mun\u00e9ration du fonctionnaire plac\u00e9 en cong\u00e9 de maladie ordinaire (CMO), telle que pr\u00e9vue \u00e0 l\u2019article L.822-3 du CGFP. Le d\u00e9cret n\u00b02025-197 du 27 f\u00e9vrier 2025 est venu \u00e9tendre cette disposition <span style=\"color: #333399;\">aux agents contractuels<\/span>.<\/h4>\n<h4><em><strong><span style=\"color: #800080;\">Cette mesure, dont le caract\u00e8re est obligatoire, s\u2019applique depuis le 1er mars 2025.<\/span><\/strong><\/em><\/h4>\n<h4><em><strong><span style=\"color: #ff0000;\">A noter :<\/span> <span style=\"color: #333399;\">cette fiche n\u2019\u00e9voque pas la coordination avec les prestations en esp\u00e8ces de s\u00e9curit\u00e9 sociale.<\/span><\/strong><\/em><\/h4>\n<p style=\"text-align: center;\"><a href=\"http:\/\/www.fo-saint-etienne.fr\/fomunvse\/wp-content\/uploads\/2025\/04\/Fiche-statut-n\u00b033-La-remuneration-du-CMO-fonctionnaires-et-agents-contractuels_0.pdf\" target=\"_blank\" rel=\"noopener\"><span style=\"color: #008000;\"><strong>Vous pouvez lire ou t\u00e9l\u00e9charger ce document ci-dessous \u2026<\/strong><\/span><\/a><\/p>\n<div class=\"df-element df-lite\"  data-slug=\"\" data-_slug=\"\" data-title=\"la-remuneration-pendant-un-conge-de-maladie-ordinaire-fonctionnaires-et-contractuels-de-droit-public\" id=\"df_3435\" data-option=\"df_option_3435\" ><\/div><script class=\"df-shortcode-script\" type=\"application\/javascript\">window.df_option_3435 = {\"source\":\"http:\\\/\\\/www.fo-saint-etienne.fr\\\/fomunvse\\\/wp-content\\\/uploads\\\/2025\\\/04\\\/Fiche-statut-n\\u00b033-La-remuneration-du-CMO-fonctionnaires-et-agents-contractuels_0.pdf\",\"viewerType\":\"flipbook\",\"height\":\"auto\",\"slug\":\"\",\"id\":3435}; if(window.DEARPDF && window.DEARPDF.parseElements){window.DEARPDF.parseElements();}<\/script>\n","protected":false},"excerpt":{"rendered":"<p>L\u2019article 189 de la loi de finances de 2025 n\u00b0 2025-127 du 14 f\u00e9vrier 2025 a modifi\u00e9 la r\u00e9mun\u00e9ration du fonctionnaire plac\u00e9 en cong\u00e9 de [&#8230;]<\/p>\n","protected":false},"author":1,"featured_media":3449,"comment_status":"closed","ping_status":"closed","sticky":false,"template":"","format":"standard","meta":{"jetpack_post_was_ever_published":false,"_jetpack_newsletter_access":"","_jetpack_dont_email_post_to_subs":false,"_jetpack_newsletter_tier_id":0,"_jetpack_memberships_contains_paywalled_content":false,"_jetpack_memberships_contains_paid_content":false,"footnotes":""},"categories":[17],"tags":[],"class_list":["post-3446","post","type-post","status-publish","format-standard","has-post-thumbnail","hentry","category-article"],"jetpack_featured_media_url":"https:\/\/i0.wp.com\/www.fo-saint-etienne.fr\/fomunvse\/wp-content\/uploads\/2025\/04\/fiche-statut-33.png?fit=950%2C160&ssl=1","jetpack_sharing_enabled":true,"jetpack_shortlink":"https:\/\/wp.me\/p9roQz-TA","jetpack_likes_enabled":false,"publishpress_future_action":{"enabled":false,"date":"2026-05-10 11:14:19","action":"change-status","newStatus":"draft","terms":[],"taxonomy":"category","extraData":[]},"publishpress_future_workflow_manual_trigger":{"enabledWorkflows":[]},"_links":{"self":[{"href":"https:\/\/www.fo-saint-etienne.fr\/fomunvse\/index.php?rest_route=\/wp\/v2\/posts\/3446","targetHints":{"allow":["GET"]}}],"collection":[{"href":"https:\/\/www.fo-saint-etienne.fr\/fomunvse\/index.php?rest_route=\/wp\/v2\/posts"}],"about":[{"href":"https:\/\/www.fo-saint-etienne.fr\/fomunvse\/index.php?rest_route=\/wp\/v2\/types\/post"}],"author":[{"embeddable":true,"href":"https:\/\/www.fo-saint-etienne.fr\/fomunvse\/index.php?rest_route=\/wp\/v2\/users\/1"}],"replies":[{"embeddable":true,"href":"https:\/\/www.fo-saint-etienne.fr\/fomunvse\/index.php?rest_route=%2Fwp%2Fv2%2Fcomments&post=3446"}],"version-history":[{"count":4,"href":"https:\/\/www.fo-saint-etienne.fr\/fomunvse\/index.php?rest_route=\/wp\/v2\/posts\/3446\/revisions"}],"predecessor-version":[{"id":3451,"href":"https:\/\/www.fo-saint-etienne.fr\/fomunvse\/index.php?rest_route=\/wp\/v2\/posts\/3446\/revisions\/3451"}],"wp:featuredmedia":[{"embeddable":true,"href":"https:\/\/www.fo-saint-etienne.fr\/fomunvse\/index.php?rest_route=\/wp\/v2\/media\/3449"}],"wp:attachment":[{"href":"https:\/\/www.fo-saint-etienne.fr\/fomunvse\/index.php?rest_route=%2Fwp%2Fv2%2Fmedia&parent=3446"}],"wp:term":[{"taxonomy":"category","embeddable":true,"href":"https:\/\/www.fo-saint-etienne.fr\/fomunvse\/index.php?rest_route=%2Fwp%2Fv2%2Fcategories&post=3446"},{"taxonomy":"post_tag","embeddable":true,"href":"https:\/\/www.fo-saint-etienne.fr\/fomunvse\/index.php?rest_route=%2Fwp%2Fv2%2Ftags&post=3446"}],"curies":[{"name":"wp","href":"https:\/\/api.w.org\/{rel}","templated":true}]}}