{"id":3463,"date":"2025-04-11T10:16:47","date_gmt":"2025-04-11T09:16:47","guid":{"rendered":"http:\/\/www.fo-saint-etienne.fr\/fomunvse\/?p=3463"},"modified":"2025-04-11T10:20:16","modified_gmt":"2025-04-11T09:20:16","slug":"le-conge-de-paternite-ne-peut-pas-etre-refuse-pour-necessites-de-service","status":"publish","type":"post","link":"https:\/\/www.fo-saint-etienne.fr\/fomunvse\/?p=3463","title":{"rendered":"Le cong\u00e9 de paternit\u00e9 ne peut pas \u00eatre refus\u00e9 pour n\u00e9cessit\u00e9s de service&#8230;"},"content":{"rendered":"<h4><span style=\"color: #800080;\">Le tribunal administratif de Poitiers vient d\u2019annuler le refus oppos\u00e9 par un centre <\/span><span style=\"color: #800080;\">p\u00e9nitentiaire \u00e0 la demande de cong\u00e9 de paternit\u00e9 pr\u00e9sent\u00e9e par l\u2019un de ses <\/span><span style=\"color: #800080;\">fonctionnaires. L\u2019administration mettait en avant des n\u00e9cessit\u00e9s de service pour justifier son refus.<br \/>\n<span style=\"color: #ff6600;\">Une pratique ill\u00e9gale selon les juges.<\/span><\/span><\/h4>\n<h4><strong><span style=\"color: #333399;\">Dans la fonction publique, l\u2019octroi d\u2019un cong\u00e9 de paternit\u00e9 ne peut \u00eatre conditionn\u00e9 aux n\u00e9cessit\u00e9s de service. C\u2019est ce que vient d\u2019indiquer le tribunal administratif de Poitiers dans un jugement du 13 mars relatif au cas d\u2019un fonctionnaire de la p\u00e9nitentiaire auquel l\u2019administration avait refus\u00e9 de prendre son cong\u00e9 de paternit\u00e9<\/span>.<\/strong><\/h4>\n<h4><em><strong><span style=\"color: #800080;\">Surveillant au centre p\u00e9nitentiaire de Poitiers-Vivonne, dans la Vienne, cet agent avait fait part \u00e0 son administration de son souhait de b\u00e9n\u00e9ficier d\u2019un cong\u00e9 de paternit\u00e9 pour la naissance \u00e0 venir de son enfant. Il avait pris la premi\u00e8re partie de ce cong\u00e9 de 25 jours calendaires \u2013 soit 4 jours \u2013, juste apr\u00e8s la naissance de son fils en mars 2022. Et souhaitait prendre ses 21 jours restants du 2 au 22 juillet 2022.<\/span><\/strong><\/em><\/h4>\n<h4><em><strong><span style=\"color: #333399;\">Une demande qui avait \u00e9t\u00e9 rejet\u00e9e par son administration au motif \u201cque la p\u00e9riode estivale n\u2019est pas propice \u00e0 la pose d\u2019un cong\u00e9 de paternit\u00e9\u201d compte tenu, notamment, des autres cong\u00e9s programm\u00e9s sur cette m\u00eame p\u00e9riode. Son centre p\u00e9nitentiaire l\u2019avait ensuite invit\u00e9 \u00e0 proposer d\u2019autres dates en dehors de cette p\u00e9riode. Une d\u00e9cision dont l\u2019agent a d\u00e9cid\u00e9 de demander l\u2019annulation. Il r\u00e9clamait en outre la condamnation de l\u2019\u00c9tat \u00e0 l\u2019indemniser du pr\u00e9judice qu\u2019il estimait avoir subi du fait de ce refus de lui accorder son cong\u00e9 paternit\u00e9 aux dates choisies.<\/span><\/strong><\/em><br \/>\n<span style=\"color: #ff6600;\"><em><strong>Et les juges lui ont donn\u00e9 raison.<\/strong><\/em><\/span><\/h4>\n<h3 style=\"text-align: center;\"><span style=\"color: #000080;\"><em><strong>Pr\u00e9judice moral&#8230;..<\/strong><\/em><\/span><\/h3>\n<h5 style=\"text-align: center;\"><a href=\"http:\/\/www.fo-saint-etienne.fr\/fomunvse\/wp-content\/uploads\/2025\/04\/TA-Refus-Conge-de-paternite.doc.pdf\" target=\"_blank\" rel=\"noopener\"><em><strong><span style=\"color: #339966;\">Vous pouvez lire ou t\u00e9l\u00e9charger le document complet ci-dessous \u2026<\/span><\/strong><\/em><\/a><\/h5>\n<div class=\"df-element df-lite\"  data-slug=\"\" data-_slug=\"\" data-title=\"le-conge-de-paternite-ne-peut-pas-etre-refuse-pour-necessites-de-service\" id=\"df_3475\" data-option=\"df_option_3475\" ><\/div><script class=\"df-shortcode-script\" type=\"application\/javascript\">window.df_option_3475 = {\"source\":\"http:\\\/\\\/www.fo-saint-etienne.fr\\\/fomunvse\\\/wp-content\\\/uploads\\\/2025\\\/04\\\/TA-Refus-Conge-de-paternite.doc.pdf\",\"viewerType\":\"flipbook\",\"height\":\"auto\",\"slug\":\"\",\"id\":3475}; if(window.DEARPDF && window.DEARPDF.parseElements){window.DEARPDF.parseElements();}<\/script>\n","protected":false},"excerpt":{"rendered":"<p>Le tribunal administratif de Poitiers vient d\u2019annuler le refus oppos\u00e9 par un centre p\u00e9nitentiaire \u00e0 la demande de cong\u00e9 de paternit\u00e9 pr\u00e9sent\u00e9e par l\u2019un de [&#8230;]<\/p>\n","protected":false},"author":1,"featured_media":2752,"comment_status":"closed","ping_status":"closed","sticky":false,"template":"","format":"standard","meta":{"jetpack_post_was_ever_published":false,"_jetpack_newsletter_access":"","_jetpack_dont_email_post_to_subs":false,"_jetpack_newsletter_tier_id":0,"_jetpack_memberships_contains_paywalled_content":false,"_jetpack_memberships_contains_paid_content":false,"footnotes":""},"categories":[17],"tags":[],"class_list":["post-3463","post","type-post","status-publish","format-standard","has-post-thumbnail","hentry","category-article"],"jetpack_featured_media_url":"https:\/\/i0.wp.com\/www.fo-saint-etienne.fr\/fomunvse\/wp-content\/uploads\/2025\/01\/menaces.png?fit=920%2C520&ssl=1","jetpack_sharing_enabled":true,"jetpack_shortlink":"https:\/\/wp.me\/p9roQz-TR","jetpack_likes_enabled":false,"publishpress_future_action":{"enabled":false,"date":"2026-05-10 09:52:36","action":"change-status","newStatus":"draft","terms":[],"taxonomy":"category","extraData":[]},"publishpress_future_workflow_manual_trigger":{"enabledWorkflows":[]},"_links":{"self":[{"href":"https:\/\/www.fo-saint-etienne.fr\/fomunvse\/index.php?rest_route=\/wp\/v2\/posts\/3463","targetHints":{"allow":["GET"]}}],"collection":[{"href":"https:\/\/www.fo-saint-etienne.fr\/fomunvse\/index.php?rest_route=\/wp\/v2\/posts"}],"about":[{"href":"https:\/\/www.fo-saint-etienne.fr\/fomunvse\/index.php?rest_route=\/wp\/v2\/types\/post"}],"author":[{"embeddable":true,"href":"https:\/\/www.fo-saint-etienne.fr\/fomunvse\/index.php?rest_route=\/wp\/v2\/users\/1"}],"replies":[{"embeddable":true,"href":"https:\/\/www.fo-saint-etienne.fr\/fomunvse\/index.php?rest_route=%2Fwp%2Fv2%2Fcomments&post=3463"}],"version-history":[{"count":8,"href":"https:\/\/www.fo-saint-etienne.fr\/fomunvse\/index.php?rest_route=\/wp\/v2\/posts\/3463\/revisions"}],"predecessor-version":[{"id":3482,"href":"https:\/\/www.fo-saint-etienne.fr\/fomunvse\/index.php?rest_route=\/wp\/v2\/posts\/3463\/revisions\/3482"}],"wp:featuredmedia":[{"embeddable":true,"href":"https:\/\/www.fo-saint-etienne.fr\/fomunvse\/index.php?rest_route=\/wp\/v2\/media\/2752"}],"wp:attachment":[{"href":"https:\/\/www.fo-saint-etienne.fr\/fomunvse\/index.php?rest_route=%2Fwp%2Fv2%2Fmedia&parent=3463"}],"wp:term":[{"taxonomy":"category","embeddable":true,"href":"https:\/\/www.fo-saint-etienne.fr\/fomunvse\/index.php?rest_route=%2Fwp%2Fv2%2Fcategories&post=3463"},{"taxonomy":"post_tag","embeddable":true,"href":"https:\/\/www.fo-saint-etienne.fr\/fomunvse\/index.php?rest_route=%2Fwp%2Fv2%2Ftags&post=3463"}],"curies":[{"name":"wp","href":"https:\/\/api.w.org\/{rel}","templated":true}]}}