{"id":3530,"date":"2025-04-16T09:00:12","date_gmt":"2025-04-16T08:00:12","guid":{"rendered":"http:\/\/www.fo-saint-etienne.fr\/fomunvse\/?p=3530"},"modified":"2025-04-16T09:00:43","modified_gmt":"2025-04-16T08:00:43","slug":"indemnite-de-conges-payes-non-pris-pour-cause-de-maladie-pour-un-fonctionnaire","status":"publish","type":"post","link":"https:\/\/www.fo-saint-etienne.fr\/fomunvse\/?p=3530","title":{"rendered":"Indemnit\u00e9 de cong\u00e9s pay\u00e9s non pris pour cause de maladie pour un fonctionnaire"},"content":{"rendered":"<h3><em><strong><span style=\"color: #000080;\">Texte de la question :<\/span><\/strong><\/em><\/h3>\n<h3><em><strong><span style=\"color: #993366;\">M. Alain Bruneel alerte M. le secr\u00e9taire d&rsquo;\u00c9tat, aupr\u00e8s du ministre de l&rsquo;action et des comptes publics, sur les <\/span><\/strong><\/em><em><strong><span style=\"color: #993366;\">probl\u00e8mes rencontr\u00e9s par les fonctionnaires pour obtenir le versement d&rsquo;une indemnit\u00e9 de cong\u00e9s pay\u00e9s non <\/span><\/strong><\/em><em><strong><span style=\"color: #993366;\">pris en raison de maladie suivie d&rsquo;un d\u00e9part \u00e0 la retraite. Aucune disposition l\u00e9gislative ou r\u00e9glementaire ne <\/span><\/strong><\/em><em><strong><span style=\"color: #993366;\">pr\u00e9voit le versement d&rsquo;une indemnit\u00e9 compensatrice lorsque le fonctionnaire n&rsquo;a pas pris ses cong\u00e9s annuels. &#8230;&#8230;.<\/span><\/strong><\/em><\/h3>\n<h5 style=\"text-align: center;\"><a href=\"http:\/\/www.fo-saint-etienne.fr\/fomunvse\/wp-content\/uploads\/2025\/04\/25710-QE-2020-Indemnite-de-conges-payes-et-retraite.pdf\" target=\"_blank\" rel=\"noopener\"><em><strong><span style=\"color: #339966;\">Vous pouvez lire ou t\u00e9l\u00e9charger le document complet ci-dessous \u2026<\/span><\/strong><\/em><\/a><\/h5>\n<div class=\"df-element df-lite\"  data-slug=\"\" data-_slug=\"\" data-title=\"indemnite-de-conges-payes-non-pris-pour-cause-de-maladie-pour-un-fonctionnaire\" id=\"df_3528\" data-option=\"df_option_3528\" ><\/div><script class=\"df-shortcode-script\" type=\"application\/javascript\">window.df_option_3528 = {\"source\":\"http:\\\/\\\/www.fo-saint-etienne.fr\\\/fomunvse\\\/wp-content\\\/uploads\\\/2025\\\/04\\\/25710-QE-2020-Indemnite-de-conges-payes-et-retraite.pdf\",\"viewerType\":\"flipbook\",\"slug\":\"\",\"id\":3528}; if(window.DEARPDF && window.DEARPDF.parseElements){window.DEARPDF.parseElements();}<\/script>\n","protected":false},"excerpt":{"rendered":"<p>Texte de la question : M. Alain Bruneel alerte M. le secr\u00e9taire d&rsquo;\u00c9tat, aupr\u00e8s du ministre de l&rsquo;action et des comptes publics, sur les probl\u00e8mes [&#8230;]<\/p>\n","protected":false},"author":1,"featured_media":3533,"comment_status":"closed","ping_status":"closed","sticky":false,"template":"","format":"standard","meta":{"jetpack_post_was_ever_published":false,"_jetpack_newsletter_access":"","_jetpack_dont_email_post_to_subs":false,"_jetpack_newsletter_tier_id":0,"_jetpack_memberships_contains_paywalled_content":false,"_jetpack_memberships_contains_paid_content":false,"footnotes":""},"categories":[17],"tags":[],"class_list":["post-3530","post","type-post","status-publish","format-standard","has-post-thumbnail","hentry","category-article"],"jetpack_featured_media_url":"https:\/\/i0.wp.com\/www.fo-saint-etienne.fr\/fomunvse\/wp-content\/uploads\/2025\/04\/AN-Questions.png?fit=950%2C152&ssl=1","jetpack_sharing_enabled":true,"jetpack_shortlink":"https:\/\/wp.me\/p9roQz-UW","jetpack_likes_enabled":false,"publishpress_future_action":{"enabled":false,"date":"2026-05-10 09:48:40","action":"change-status","newStatus":"draft","terms":[],"taxonomy":"category","extraData":[]},"publishpress_future_workflow_manual_trigger":{"enabledWorkflows":[]},"_links":{"self":[{"href":"https:\/\/www.fo-saint-etienne.fr\/fomunvse\/index.php?rest_route=\/wp\/v2\/posts\/3530","targetHints":{"allow":["GET"]}}],"collection":[{"href":"https:\/\/www.fo-saint-etienne.fr\/fomunvse\/index.php?rest_route=\/wp\/v2\/posts"}],"about":[{"href":"https:\/\/www.fo-saint-etienne.fr\/fomunvse\/index.php?rest_route=\/wp\/v2\/types\/post"}],"author":[{"embeddable":true,"href":"https:\/\/www.fo-saint-etienne.fr\/fomunvse\/index.php?rest_route=\/wp\/v2\/users\/1"}],"replies":[{"embeddable":true,"href":"https:\/\/www.fo-saint-etienne.fr\/fomunvse\/index.php?rest_route=%2Fwp%2Fv2%2Fcomments&post=3530"}],"version-history":[{"count":3,"href":"https:\/\/www.fo-saint-etienne.fr\/fomunvse\/index.php?rest_route=\/wp\/v2\/posts\/3530\/revisions"}],"predecessor-version":[{"id":3534,"href":"https:\/\/www.fo-saint-etienne.fr\/fomunvse\/index.php?rest_route=\/wp\/v2\/posts\/3530\/revisions\/3534"}],"wp:featuredmedia":[{"embeddable":true,"href":"https:\/\/www.fo-saint-etienne.fr\/fomunvse\/index.php?rest_route=\/wp\/v2\/media\/3533"}],"wp:attachment":[{"href":"https:\/\/www.fo-saint-etienne.fr\/fomunvse\/index.php?rest_route=%2Fwp%2Fv2%2Fmedia&parent=3530"}],"wp:term":[{"taxonomy":"category","embeddable":true,"href":"https:\/\/www.fo-saint-etienne.fr\/fomunvse\/index.php?rest_route=%2Fwp%2Fv2%2Fcategories&post=3530"},{"taxonomy":"post_tag","embeddable":true,"href":"https:\/\/www.fo-saint-etienne.fr\/fomunvse\/index.php?rest_route=%2Fwp%2Fv2%2Ftags&post=3530"}],"curies":[{"name":"wp","href":"https:\/\/api.w.org\/{rel}","templated":true}]}}