{"id":3537,"date":"2025-04-16T09:09:16","date_gmt":"2025-04-16T08:09:16","guid":{"rendered":"http:\/\/www.fo-saint-etienne.fr\/fomunvse\/?p=3537"},"modified":"2025-04-16T09:09:54","modified_gmt":"2025-04-16T08:09:54","slug":"deces-dun-agent-public-relevant-du-regime-special-cnracl","status":"publish","type":"post","link":"https:\/\/www.fo-saint-etienne.fr\/fomunvse\/?p=3537","title":{"rendered":"D\u00e9c\u00e8s d&rsquo;un agent public relevant du regime special CNRACL"},"content":{"rendered":"<h3><em><strong><span style=\"color: #993366;\"><span style=\"color: #333399;\">Face au d\u00e9c\u00e8s de l\u2019un des agents publics de sa collectivit\u00e9, un employeur doit, pour la partie administrative, veiller \u00e0 mettre en \u0153uvre les droits statutaires le concernant et informer les proches des cons\u00e9quences p\u00e9cuniaires : versement du capital d\u00e9c\u00e8s, information sur la pension de r\u00e9version, aides financi\u00e8res, etc.<\/span><\/span><\/strong><\/em><\/h3>\n<h3><span style=\"color: #993366;\">La pr\u00e9sente note d\u2019information rappelle cette proc\u00e9dure, fait le point sur les cons\u00e9quences du d\u00e9c\u00e8s d\u2019un agent en activit\u00e9 et pr\u00e9sente les possibilit\u00e9s d\u2019indemnisation des ayants droit. &#8230;&#8230;.<\/span><\/h3>\n<h5 style=\"text-align: center;\"><a href=\"http:\/\/www.fo-saint-etienne.fr\/fomunvse\/wp-content\/uploads\/2025\/04\/Deces-dun-agent-public-relevant-du-regime-special-CNRACL.pdf\" target=\"_blank\" rel=\"noopener\"><em><strong><span style=\"color: #339966;\">Vous pouvez lire ou t\u00e9l\u00e9charger le document complet ci-dessous \u2026<\/span><\/strong><\/em><\/a><\/h5>\n<div class=\"df-element df-lite\"  data-slug=\"\" data-_slug=\"\" data-title=\"deces-dun-agent-public-relevant-du-regime-special-cnracl\" id=\"df_3535\" data-option=\"df_option_3535\" ><\/div><script class=\"df-shortcode-script\" type=\"application\/javascript\">window.df_option_3535 = {\"source\":\"http:\\\/\\\/www.fo-saint-etienne.fr\\\/fomunvse\\\/wp-content\\\/uploads\\\/2025\\\/04\\\/Deces-dun-agent-public-relevant-du-regime-special-CNRACL.pdf\",\"viewerType\":\"flipbook\",\"slug\":\"\",\"id\":3535}; if(window.DEARPDF && window.DEARPDF.parseElements){window.DEARPDF.parseElements();}<\/script>\n","protected":false},"excerpt":{"rendered":"<p>Face au d\u00e9c\u00e8s de l\u2019un des agents publics de sa collectivit\u00e9, un employeur doit, pour la partie administrative, veiller \u00e0 mettre en \u0153uvre les droits [&#8230;]<\/p>\n","protected":false},"author":1,"featured_media":3541,"comment_status":"closed","ping_status":"closed","sticky":false,"template":"","format":"standard","meta":{"jetpack_post_was_ever_published":false,"_jetpack_newsletter_access":"","_jetpack_dont_email_post_to_subs":false,"_jetpack_newsletter_tier_id":0,"_jetpack_memberships_contains_paywalled_content":false,"_jetpack_memberships_contains_paid_content":false,"footnotes":""},"categories":[17],"tags":[],"class_list":["post-3537","post","type-post","status-publish","format-standard","has-post-thumbnail","hentry","category-article"],"jetpack_featured_media_url":"https:\/\/i0.wp.com\/www.fo-saint-etienne.fr\/fomunvse\/wp-content\/uploads\/2025\/04\/nacoope.png?fit=950%2C155&ssl=1","jetpack_sharing_enabled":true,"jetpack_shortlink":"https:\/\/wp.me\/p9roQz-V3","jetpack_likes_enabled":false,"publishpress_future_action":{"enabled":false,"date":"2026-05-10 09:51:27","action":"change-status","newStatus":"draft","terms":[],"taxonomy":"category","extraData":[]},"publishpress_future_workflow_manual_trigger":{"enabledWorkflows":[]},"_links":{"self":[{"href":"https:\/\/www.fo-saint-etienne.fr\/fomunvse\/index.php?rest_route=\/wp\/v2\/posts\/3537","targetHints":{"allow":["GET"]}}],"collection":[{"href":"https:\/\/www.fo-saint-etienne.fr\/fomunvse\/index.php?rest_route=\/wp\/v2\/posts"}],"about":[{"href":"https:\/\/www.fo-saint-etienne.fr\/fomunvse\/index.php?rest_route=\/wp\/v2\/types\/post"}],"author":[{"embeddable":true,"href":"https:\/\/www.fo-saint-etienne.fr\/fomunvse\/index.php?rest_route=\/wp\/v2\/users\/1"}],"replies":[{"embeddable":true,"href":"https:\/\/www.fo-saint-etienne.fr\/fomunvse\/index.php?rest_route=%2Fwp%2Fv2%2Fcomments&post=3537"}],"version-history":[{"count":3,"href":"https:\/\/www.fo-saint-etienne.fr\/fomunvse\/index.php?rest_route=\/wp\/v2\/posts\/3537\/revisions"}],"predecessor-version":[{"id":3540,"href":"https:\/\/www.fo-saint-etienne.fr\/fomunvse\/index.php?rest_route=\/wp\/v2\/posts\/3537\/revisions\/3540"}],"wp:featuredmedia":[{"embeddable":true,"href":"https:\/\/www.fo-saint-etienne.fr\/fomunvse\/index.php?rest_route=\/wp\/v2\/media\/3541"}],"wp:attachment":[{"href":"https:\/\/www.fo-saint-etienne.fr\/fomunvse\/index.php?rest_route=%2Fwp%2Fv2%2Fmedia&parent=3537"}],"wp:term":[{"taxonomy":"category","embeddable":true,"href":"https:\/\/www.fo-saint-etienne.fr\/fomunvse\/index.php?rest_route=%2Fwp%2Fv2%2Fcategories&post=3537"},{"taxonomy":"post_tag","embeddable":true,"href":"https:\/\/www.fo-saint-etienne.fr\/fomunvse\/index.php?rest_route=%2Fwp%2Fv2%2Ftags&post=3537"}],"curies":[{"name":"wp","href":"https:\/\/api.w.org\/{rel}","templated":true}]}}