{"id":3569,"date":"2025-04-23T15:12:25","date_gmt":"2025-04-23T14:12:25","guid":{"rendered":"http:\/\/www.fo-saint-etienne.fr\/fomunvse\/?p=3569"},"modified":"2025-04-23T15:13:24","modified_gmt":"2025-04-23T14:13:24","slug":"lindemnite-de-residence","status":"publish","type":"post","link":"https:\/\/www.fo-saint-etienne.fr\/fomunvse\/?p=3569","title":{"rendered":"L\u2019indemnit\u00e9 de r\u00e9sidence"},"content":{"rendered":"<h3><em><strong><span style=\"color: #993366;\"><span style=\"color: #333399;\"><span style=\"color: #800000;\">Le gouvernement Bayrou exclut une r\u00e9forme de l\u2019indemnit\u00e9 de r\u00e9sidence<\/span><\/span><\/span><\/strong><\/em><\/h3>\n<p><em><strong><span style=\"color: #ff0000;\">\u201cCompte tenu du contexte budg\u00e9taire actuellement tr\u00e8s contraint pour les finances publiques, il n&rsquo;est pas envisag\u00e9 de faire \u00e9voluer le dispositif de l\u2019indemnit\u00e9 de r\u00e9sidence\u201d<\/span>, vient d\u2019indiquer le minist\u00e8re de la fonction publique en r\u00e9ponse \u00e0 une question \u00e9crite d\u2019une d\u00e9put\u00e9e. <span style=\"color: #ff0000;\">En 2023, l&rsquo;ex-ministre Stanislas Guerini avait pourtant promis de r\u00e9former cette indemnit\u00e9 pour mieux l\u2019adapter au co\u00fbt de la vie, son zonage n\u2019ayant pas \u00e9volu\u00e9 depuis 2001.<\/span><\/strong><\/em><\/p>\n<p><em><strong><span style=\"color: #993366;\">Annonc\u00e9e en 2023 par Stanislas Guerini pour une meilleure adaptation au co\u00fbt de la vie, la r\u00e9forme de l\u2019indemnit\u00e9 de r\u00e9sidence de la fonction publique va devoir attendre.<\/span><\/strong><\/em><\/p>\n<h5 style=\"text-align: center;\"><a href=\"http:\/\/www.fo-saint-etienne.fr\/fomunvse\/wp-content\/uploads\/2025\/04\/Indemnite-de-residence-Fonction-publique.pdf\" target=\"_blank\" rel=\"noopener\"><em><strong><span style=\"color: #339966;\">Vous pouvez lire ou t\u00e9l\u00e9charger le document complet ci-dessous \u2026<\/span><\/strong><\/em><\/a><\/h5>\n<div class=\"df-element df-lite\"  data-slug=\"\" data-_slug=\"\" data-title=\"le-gouvernement-bayrou-exclut-une-reforme-de-lindemnite-de-residence\" id=\"df_3567\" data-option=\"df_option_3567\" ><\/div><script class=\"df-shortcode-script\" type=\"application\/javascript\">window.df_option_3567 = {\"source\":\"http:\\\/\\\/www.fo-saint-etienne.fr\\\/fomunvse\\\/wp-content\\\/uploads\\\/2025\\\/04\\\/Indemnite-de-residence-Fonction-publique.pdf\",\"viewerType\":\"flipbook\",\"height\":\"auto\",\"slug\":\"\",\"id\":3567}; if(window.DEARPDF && window.DEARPDF.parseElements){window.DEARPDF.parseElements();}<\/script>\n","protected":false},"excerpt":{"rendered":"<p>Le gouvernement Bayrou exclut une r\u00e9forme de l\u2019indemnit\u00e9 de r\u00e9sidence \u201cCompte tenu du contexte budg\u00e9taire actuellement tr\u00e8s contraint pour les finances publiques, il n&rsquo;est pas [&#8230;]<\/p>\n","protected":false},"author":1,"featured_media":2418,"comment_status":"closed","ping_status":"closed","sticky":false,"template":"","format":"standard","meta":{"jetpack_post_was_ever_published":false,"_jetpack_newsletter_access":"","_jetpack_dont_email_post_to_subs":false,"_jetpack_newsletter_tier_id":0,"_jetpack_memberships_contains_paywalled_content":false,"_jetpack_memberships_contains_paid_content":false,"footnotes":""},"categories":[17],"tags":[],"class_list":["post-3569","post","type-post","status-publish","format-standard","has-post-thumbnail","hentry","category-article"],"jetpack_featured_media_url":"https:\/\/i0.wp.com\/www.fo-saint-etienne.fr\/fomunvse\/wp-content\/uploads\/2025\/01\/Prime-de-pouvoir-dachat.png?fit=920%2C520&ssl=1","jetpack_sharing_enabled":true,"jetpack_shortlink":"https:\/\/wp.me\/p9roQz-Vz","jetpack_likes_enabled":false,"publishpress_future_action":{"enabled":false,"date":"2026-05-10 09:54:09","action":"change-status","newStatus":"draft","terms":[],"taxonomy":"category","extraData":[]},"publishpress_future_workflow_manual_trigger":{"enabledWorkflows":[]},"_links":{"self":[{"href":"https:\/\/www.fo-saint-etienne.fr\/fomunvse\/index.php?rest_route=\/wp\/v2\/posts\/3569","targetHints":{"allow":["GET"]}}],"collection":[{"href":"https:\/\/www.fo-saint-etienne.fr\/fomunvse\/index.php?rest_route=\/wp\/v2\/posts"}],"about":[{"href":"https:\/\/www.fo-saint-etienne.fr\/fomunvse\/index.php?rest_route=\/wp\/v2\/types\/post"}],"author":[{"embeddable":true,"href":"https:\/\/www.fo-saint-etienne.fr\/fomunvse\/index.php?rest_route=\/wp\/v2\/users\/1"}],"replies":[{"embeddable":true,"href":"https:\/\/www.fo-saint-etienne.fr\/fomunvse\/index.php?rest_route=%2Fwp%2Fv2%2Fcomments&post=3569"}],"version-history":[{"count":3,"href":"https:\/\/www.fo-saint-etienne.fr\/fomunvse\/index.php?rest_route=\/wp\/v2\/posts\/3569\/revisions"}],"predecessor-version":[{"id":3572,"href":"https:\/\/www.fo-saint-etienne.fr\/fomunvse\/index.php?rest_route=\/wp\/v2\/posts\/3569\/revisions\/3572"}],"wp:featuredmedia":[{"embeddable":true,"href":"https:\/\/www.fo-saint-etienne.fr\/fomunvse\/index.php?rest_route=\/wp\/v2\/media\/2418"}],"wp:attachment":[{"href":"https:\/\/www.fo-saint-etienne.fr\/fomunvse\/index.php?rest_route=%2Fwp%2Fv2%2Fmedia&parent=3569"}],"wp:term":[{"taxonomy":"category","embeddable":true,"href":"https:\/\/www.fo-saint-etienne.fr\/fomunvse\/index.php?rest_route=%2Fwp%2Fv2%2Fcategories&post=3569"},{"taxonomy":"post_tag","embeddable":true,"href":"https:\/\/www.fo-saint-etienne.fr\/fomunvse\/index.php?rest_route=%2Fwp%2Fv2%2Ftags&post=3569"}],"curies":[{"name":"wp","href":"https:\/\/api.w.org\/{rel}","templated":true}]}}