{"id":3631,"date":"2025-04-29T10:10:26","date_gmt":"2025-04-29T09:10:26","guid":{"rendered":"http:\/\/www.fo-saint-etienne.fr\/fomunvse\/?p=3631"},"modified":"2025-04-29T10:26:01","modified_gmt":"2025-04-29T09:26:01","slug":"question-a-n-cet-et-mutation-dagents-entre-collectivites-territoriales","status":"publish","type":"post","link":"https:\/\/www.fo-saint-etienne.fr\/fomunvse\/?p=3631","title":{"rendered":"Question A.N. : CET et Mutation d&rsquo;agents entre collectivit\u00e9s territoriales"},"content":{"rendered":"<h4><span style=\"color: #333399;\">M. Thierry Benoit attire l&rsquo;attention de M. le ministre du travail, du plein emploi et de l&rsquo;insertion sur la mutation d&rsquo;agents entre collectivit\u00e9s territoriales. Dans les territoires, il arrive qu&rsquo;une collectivit\u00e9 territoriale recrute un agent provenant d&rsquo;une autre collectivit\u00e9. <span style=\"color: #99cc00;\">En r\u00e8gle g\u00e9n\u00e9ral, si l&rsquo;agent poss\u00e8de un compte \u00e9pargne-temps (CET), lors de la mutation de cet agent, une convention de participation financi\u00e8re du CET est conclue entre les deux collectivit\u00e9s.<\/span><\/span><\/h4>\n<h4><em><strong><span style=\"color: #993366;\">De nombreuses collectivit\u00e9s pratiquent ce principe de compensation financi\u00e8re des CET, que cela soit pour un d\u00e9part ou un recrutement d&rsquo;agents. <span style=\"color: #008000;\">Ce principe est non r\u00e8glementaire, mais repose sur un principe de bonnes pratiques entre structures publiques.<\/span> Toutefois, <span style=\"color: #99cc00;\">il peut arriver que l&rsquo;une des collectivit\u00e9s concern\u00e9es par la mutation d&rsquo;un de ses agents refuse de conclure un tel accord, ce qui a pour effet de grever de fait la progression de carri\u00e8re de l&rsquo;agent concern\u00e9.<\/span><\/span><\/strong><\/em><\/h4>\n<h4><em><strong><span style=\"color: #333399;\">Aussi, il demande au Gouvernement ce qu&rsquo;il compte faire pour favoriser ce genre de bonnes pratiques entre collectivit\u00e9s territoriales et \u00e9viter que leurs agents, qui peuvent avoir des mutations\u00a0 professionnelles d&rsquo;une collectivit\u00e9 territoriale \u00e0 une autre, voient leur progression de carri\u00e8re compromis par le refus d&rsquo;une collectivit\u00e9 de cosigner une convention de participation financi\u00e8re du compte \u00e9pargne-temps (CET).<\/span><\/strong><\/em><\/h4>\n<h5 style=\"text-align: center;\"><a href=\"http:\/\/www.fo-saint-etienne.fr\/fomunvse\/wp-content\/uploads\/2025\/04\/2086-QE-2022-CET-et-Mutation.pdf\" target=\"_blank\" rel=\"noopener\"><span style=\"color: #008000;\"><em><strong>Vous pouvez lire ou t\u00e9l\u00e9charger ce document ci-dessous pour prendre connaissance de la r\u00e9ponse \u2026<\/strong><\/em><\/span><\/a><\/h5>\n<div class=\"df-element df-lite\"  data-slug=\"\" data-_slug=\"\" data-title=\"cet-et-mutation-dagents-entre-collectivites-territoriales\" id=\"df_3629\" data-option=\"df_option_3629\" ><\/div><script class=\"df-shortcode-script\" type=\"application\/javascript\">window.df_option_3629 = {\"source\":\"http:\\\/\\\/www.fo-saint-etienne.fr\\\/fomunvse\\\/wp-content\\\/uploads\\\/2025\\\/04\\\/2086-QE-2022-CET-et-Mutation.pdf\",\"viewerType\":\"flipbook\",\"height\":\"auto\",\"slug\":\"\",\"id\":3629}; if(window.DEARPDF && window.DEARPDF.parseElements){window.DEARPDF.parseElements();}<\/script>\n","protected":false},"excerpt":{"rendered":"<p>M. Thierry Benoit attire l&rsquo;attention de M. le ministre du travail, du plein emploi et de l&rsquo;insertion sur la mutation d&rsquo;agents entre collectivit\u00e9s territoriales. Dans [&#8230;]<\/p>\n","protected":false},"author":1,"featured_media":3242,"comment_status":"closed","ping_status":"closed","sticky":false,"template":"","format":"standard","meta":{"jetpack_post_was_ever_published":false,"_jetpack_newsletter_access":"","_jetpack_dont_email_post_to_subs":false,"_jetpack_newsletter_tier_id":0,"_jetpack_memberships_contains_paywalled_content":false,"_jetpack_memberships_contains_paid_content":false,"footnotes":""},"categories":[17],"tags":[],"class_list":["post-3631","post","type-post","status-publish","format-standard","has-post-thumbnail","hentry","category-article"],"jetpack_featured_media_url":"https:\/\/i0.wp.com\/www.fo-saint-etienne.fr\/fomunvse\/wp-content\/uploads\/2025\/03\/senat-an.png?fit=950%2C348&ssl=1","jetpack_sharing_enabled":true,"jetpack_shortlink":"https:\/\/wp.me\/p9roQz-Wz","jetpack_likes_enabled":false,"publishpress_future_action":{"enabled":false,"date":"2026-05-10 09:49:59","action":"change-status","newStatus":"draft","terms":[],"taxonomy":"category","extraData":[]},"publishpress_future_workflow_manual_trigger":{"enabledWorkflows":[]},"_links":{"self":[{"href":"https:\/\/www.fo-saint-etienne.fr\/fomunvse\/index.php?rest_route=\/wp\/v2\/posts\/3631","targetHints":{"allow":["GET"]}}],"collection":[{"href":"https:\/\/www.fo-saint-etienne.fr\/fomunvse\/index.php?rest_route=\/wp\/v2\/posts"}],"about":[{"href":"https:\/\/www.fo-saint-etienne.fr\/fomunvse\/index.php?rest_route=\/wp\/v2\/types\/post"}],"author":[{"embeddable":true,"href":"https:\/\/www.fo-saint-etienne.fr\/fomunvse\/index.php?rest_route=\/wp\/v2\/users\/1"}],"replies":[{"embeddable":true,"href":"https:\/\/www.fo-saint-etienne.fr\/fomunvse\/index.php?rest_route=%2Fwp%2Fv2%2Fcomments&post=3631"}],"version-history":[{"count":7,"href":"https:\/\/www.fo-saint-etienne.fr\/fomunvse\/index.php?rest_route=\/wp\/v2\/posts\/3631\/revisions"}],"predecessor-version":[{"id":3647,"href":"https:\/\/www.fo-saint-etienne.fr\/fomunvse\/index.php?rest_route=\/wp\/v2\/posts\/3631\/revisions\/3647"}],"wp:featuredmedia":[{"embeddable":true,"href":"https:\/\/www.fo-saint-etienne.fr\/fomunvse\/index.php?rest_route=\/wp\/v2\/media\/3242"}],"wp:attachment":[{"href":"https:\/\/www.fo-saint-etienne.fr\/fomunvse\/index.php?rest_route=%2Fwp%2Fv2%2Fmedia&parent=3631"}],"wp:term":[{"taxonomy":"category","embeddable":true,"href":"https:\/\/www.fo-saint-etienne.fr\/fomunvse\/index.php?rest_route=%2Fwp%2Fv2%2Fcategories&post=3631"},{"taxonomy":"post_tag","embeddable":true,"href":"https:\/\/www.fo-saint-etienne.fr\/fomunvse\/index.php?rest_route=%2Fwp%2Fv2%2Ftags&post=3631"}],"curies":[{"name":"wp","href":"https:\/\/api.w.org\/{rel}","templated":true}]}}