{"id":3874,"date":"2025-05-21T17:56:19","date_gmt":"2025-05-21T16:56:19","guid":{"rendered":"http:\/\/www.fo-saint-etienne.fr\/fomunvse\/?p=3874"},"modified":"2025-05-21T18:00:16","modified_gmt":"2025-05-21T17:00:16","slug":"caisse-de-retraite-des-fonctionnaires-territoriaux-un-plan-pour-remedier-au-deficit","status":"publish","type":"post","link":"https:\/\/www.fo-saint-etienne.fr\/fomunvse\/?p=3874","title":{"rendered":"Caisse de retraite des fonctionnaires territoriaux : un plan pour rem\u00e9dier au d\u00e9ficit"},"content":{"rendered":"<h4 style=\"text-align: left;\"><span style=\"color: #333399;\">Le pr\u00e9sident de la d\u00e9l\u00e9gation aux collectivit\u00e9s de l\u2019Assembl\u00e9e nationale, St\u00e9phane Delautrette, vient d\u2019avancer plusieurs propositions pour r\u00e9pondre aux difficult\u00e9s financi\u00e8res de la CNRACL. D\u00e9cid\u00e9e par l\u2019ex\u00e9cutif, la hausse des cotisations des collectivit\u00e9s \u201cne r\u00e9soudra pas\u201d ces probl\u00e8mes, estime le d\u00e9put\u00e9 socialiste, qui a trouv\u00e9 1,6 milliard d&rsquo;euros de nouvelles recettes possibles. <em><strong>&#8230;<\/strong><\/em><\/span><\/h4>\n<h4 style=\"text-align: center;\"><a href=\"http:\/\/www.fo-saint-etienne.fr\/fomunvse\/wp-content\/uploads\/2025\/05\/Caisse-de-retraite-des-fonctionnaires-territoriaux.pdf\" target=\"_blank\" rel=\"noopener\"><span style=\"color: #008000;\"><em><strong>Vous pouvez lire ou t\u00e9l\u00e9charger le document ci-dessous \u00a0<\/strong><\/em><\/span><\/a><\/h4>\n<div class=\"df-element df-lite\"  data-slug=\"\" data-_slug=\"\" data-title=\"caisse-de-retraite-des-fonctionnaires-territoriaux-un-plan-pour-remedier-au-deficit\" id=\"df_3872\" data-option=\"df_option_3872\" ><\/div><script class=\"df-shortcode-script\" type=\"application\/javascript\">window.df_option_3872 = {\"source\":\"http:\\\/\\\/www.fo-saint-etienne.fr\\\/fomunvse\\\/wp-content\\\/uploads\\\/2025\\\/05\\\/Caisse-de-retraite-des-fonctionnaires-territoriaux.pdf\",\"viewerType\":\"flipbook\",\"height\":\"auto\",\"slug\":\"\",\"id\":3872}; if(window.DEARPDF && window.DEARPDF.parseElements){window.DEARPDF.parseElements();}<\/script>\n","protected":false},"excerpt":{"rendered":"<p>Le pr\u00e9sident de la d\u00e9l\u00e9gation aux collectivit\u00e9s de l\u2019Assembl\u00e9e nationale, St\u00e9phane Delautrette, vient d\u2019avancer plusieurs propositions pour r\u00e9pondre aux difficult\u00e9s financi\u00e8res de la CNRACL. D\u00e9cid\u00e9e [&#8230;]<\/p>\n","protected":false},"author":1,"featured_media":3878,"comment_status":"closed","ping_status":"closed","sticky":false,"template":"","format":"standard","meta":{"jetpack_post_was_ever_published":false,"_jetpack_newsletter_access":"","_jetpack_dont_email_post_to_subs":false,"_jetpack_newsletter_tier_id":0,"_jetpack_memberships_contains_paywalled_content":false,"_jetpack_memberships_contains_paid_content":false,"footnotes":""},"categories":[17],"tags":[],"class_list":["post-3874","post","type-post","status-publish","format-standard","has-post-thumbnail","hentry","category-article"],"jetpack_featured_media_url":"https:\/\/i0.wp.com\/www.fo-saint-etienne.fr\/fomunvse\/wp-content\/uploads\/2025\/05\/logo-CNRACL-2.png?fit=220%2C200&ssl=1","jetpack_sharing_enabled":true,"jetpack_shortlink":"https:\/\/wp.me\/p9roQz-10u","jetpack_likes_enabled":false,"publishpress_future_action":{"enabled":false,"date":"2026-05-10 08:53:36","action":"change-status","newStatus":"draft","terms":[],"taxonomy":"category","extraData":[]},"publishpress_future_workflow_manual_trigger":{"enabledWorkflows":[]},"_links":{"self":[{"href":"https:\/\/www.fo-saint-etienne.fr\/fomunvse\/index.php?rest_route=\/wp\/v2\/posts\/3874","targetHints":{"allow":["GET"]}}],"collection":[{"href":"https:\/\/www.fo-saint-etienne.fr\/fomunvse\/index.php?rest_route=\/wp\/v2\/posts"}],"about":[{"href":"https:\/\/www.fo-saint-etienne.fr\/fomunvse\/index.php?rest_route=\/wp\/v2\/types\/post"}],"author":[{"embeddable":true,"href":"https:\/\/www.fo-saint-etienne.fr\/fomunvse\/index.php?rest_route=\/wp\/v2\/users\/1"}],"replies":[{"embeddable":true,"href":"https:\/\/www.fo-saint-etienne.fr\/fomunvse\/index.php?rest_route=%2Fwp%2Fv2%2Fcomments&post=3874"}],"version-history":[{"count":2,"href":"https:\/\/www.fo-saint-etienne.fr\/fomunvse\/index.php?rest_route=\/wp\/v2\/posts\/3874\/revisions"}],"predecessor-version":[{"id":3879,"href":"https:\/\/www.fo-saint-etienne.fr\/fomunvse\/index.php?rest_route=\/wp\/v2\/posts\/3874\/revisions\/3879"}],"wp:featuredmedia":[{"embeddable":true,"href":"https:\/\/www.fo-saint-etienne.fr\/fomunvse\/index.php?rest_route=\/wp\/v2\/media\/3878"}],"wp:attachment":[{"href":"https:\/\/www.fo-saint-etienne.fr\/fomunvse\/index.php?rest_route=%2Fwp%2Fv2%2Fmedia&parent=3874"}],"wp:term":[{"taxonomy":"category","embeddable":true,"href":"https:\/\/www.fo-saint-etienne.fr\/fomunvse\/index.php?rest_route=%2Fwp%2Fv2%2Fcategories&post=3874"},{"taxonomy":"post_tag","embeddable":true,"href":"https:\/\/www.fo-saint-etienne.fr\/fomunvse\/index.php?rest_route=%2Fwp%2Fv2%2Ftags&post=3874"}],"curies":[{"name":"wp","href":"https:\/\/api.w.org\/{rel}","templated":true}]}}