{"id":6060,"date":"2026-05-03T08:43:34","date_gmt":"2026-05-03T07:43:34","guid":{"rendered":"https:\/\/www.fo-saint-etienne.fr\/fomunvse\/?p=6060"},"modified":"2026-05-03T08:44:18","modified_gmt":"2026-05-03T07:44:18","slug":"la-ville-de-saint-etienne-a-sollicite-elle-meme-la-chambre-regionale-des-comptes","status":"publish","type":"post","link":"https:\/\/www.fo-saint-etienne.fr\/fomunvse\/?p=6060","title":{"rendered":"La Ville de Saint-Etienne a sollicit\u00e9 elle-m\u00eame la Chambre r\u00e9gionale des comptes"},"content":{"rendered":"<blockquote>\n<h4 style=\"text-align: center;\"><span style=\"color: #0000ff;\">Le contr\u00f4le portant sur les finances de Saint-Etienne &#8211; et la gestion en g\u00e9n\u00e9rale &#8211; allait de toute fa\u00e7on \u00ab\u00a0tomber\u00a0\u00bb. Mais la nouvelle majorit\u00e9 municipale assure avoir sollicit\u00e9 la Chambre r\u00e9gionale des comptes (CRC) AuRa pour qu&rsquo;elle intervienne au plus vite. Non pas qu&rsquo;elle redoute des irr\u00e9gularit\u00e9s pass\u00e9es, pas plus qu&rsquo;une situation catastrophique des finances cach\u00e9e sous le tapis. Mais dans l&rsquo;objectif de \u00ab tout bien remettre \u00e0 plat \u00bb \u00e0 l&rsquo;or\u00e9e de son propre mandat sans avoir \u00e0 recourir au priv\u00e9&#8230;<\/span><\/h4>\n<\/blockquote>\n<h4 style=\"text-align: center;\"><span style=\"color: #008000;\"><a style=\"color: #008000;\" href=\"http:\/\/www.fo-saint-etienne.fr\/fomunvse\/wp-content\/uploads\/2026\/05\/La-Ville-de-Saint-Etienne-a-sollicite-elle-meme-la-Chambre-regionale-des-comptes.pdf\" target=\"_blank\" rel=\"noopener\">Cliquez pour lire ou t\u00e9l\u00e9charger le document<\/a><\/span><\/h4>\n<div class=\"df-element df-lite\"  data-slug=\"\" data-_slug=\"\" data-title=\"la-ville-de-saint-etienne-a-sollicite-elle-meme-la-chambre-regionale-des-comptes\" id=\"df_6059\" data-option=\"df_option_6059\" ><\/div><script class=\"df-shortcode-script\" type=\"application\/javascript\">window.df_option_6059 = {\"source\":\"http:\\\/\\\/www.fo-saint-etienne.fr\\\/fomunvse\\\/wp-content\\\/uploads\\\/2026\\\/05\\\/La-Ville-de-Saint-Etienne-a-sollicite-elle-meme-la-Chambre-regionale-des-comptes.pdf\",\"viewerType\":\"flipbook\",\"height\":\"auto\",\"slug\":\"\",\"id\":6059}; if(window.DEARPDF && window.DEARPDF.parseElements){window.DEARPDF.parseElements();}<\/script>\n","protected":false},"excerpt":{"rendered":"<p>Le contr\u00f4le portant sur les finances de Saint-Etienne &#8211; et la gestion en g\u00e9n\u00e9rale &#8211; allait de toute fa\u00e7on \u00ab\u00a0tomber\u00a0\u00bb. Mais la nouvelle majorit\u00e9 municipale [&#8230;]<\/p>\n","protected":false},"author":8,"featured_media":6062,"comment_status":"open","ping_status":"open","sticky":true,"template":"","format":"standard","meta":{"jetpack_post_was_ever_published":false,"_jetpack_newsletter_access":"","_jetpack_dont_email_post_to_subs":false,"_jetpack_newsletter_tier_id":0,"_jetpack_memberships_contains_paywalled_content":false,"_jetpack_memberships_contains_paid_content":false,"footnotes":""},"categories":[2,54],"tags":[],"class_list":["post-6060","post","type-post","status-publish","format-standard","has-post-thumbnail","hentry","category-information","category-informations-locales"],"jetpack_featured_media_url":"https:\/\/i0.wp.com\/www.fo-saint-etienne.fr\/fomunvse\/wp-content\/uploads\/2026\/05\/Capture-decran-2026-05-02-214523-e1777751192907.png?fit=510%2C288&ssl=1","jetpack_sharing_enabled":true,"jetpack_shortlink":"https:\/\/wp.me\/p9roQz-1zK","jetpack_likes_enabled":false,"publishpress_future_action":{"enabled":false,"date":"2026-05-10 11:29:34","action":"change-status","newStatus":"draft","terms":[],"taxonomy":"category","extraData":[]},"publishpress_future_workflow_manual_trigger":{"enabledWorkflows":[]},"_links":{"self":[{"href":"https:\/\/www.fo-saint-etienne.fr\/fomunvse\/index.php?rest_route=\/wp\/v2\/posts\/6060","targetHints":{"allow":["GET"]}}],"collection":[{"href":"https:\/\/www.fo-saint-etienne.fr\/fomunvse\/index.php?rest_route=\/wp\/v2\/posts"}],"about":[{"href":"https:\/\/www.fo-saint-etienne.fr\/fomunvse\/index.php?rest_route=\/wp\/v2\/types\/post"}],"author":[{"embeddable":true,"href":"https:\/\/www.fo-saint-etienne.fr\/fomunvse\/index.php?rest_route=\/wp\/v2\/users\/8"}],"replies":[{"embeddable":true,"href":"https:\/\/www.fo-saint-etienne.fr\/fomunvse\/index.php?rest_route=%2Fwp%2Fv2%2Fcomments&post=6060"}],"version-history":[{"count":1,"href":"https:\/\/www.fo-saint-etienne.fr\/fomunvse\/index.php?rest_route=\/wp\/v2\/posts\/6060\/revisions"}],"predecessor-version":[{"id":6063,"href":"https:\/\/www.fo-saint-etienne.fr\/fomunvse\/index.php?rest_route=\/wp\/v2\/posts\/6060\/revisions\/6063"}],"wp:featuredmedia":[{"embeddable":true,"href":"https:\/\/www.fo-saint-etienne.fr\/fomunvse\/index.php?rest_route=\/wp\/v2\/media\/6062"}],"wp:attachment":[{"href":"https:\/\/www.fo-saint-etienne.fr\/fomunvse\/index.php?rest_route=%2Fwp%2Fv2%2Fmedia&parent=6060"}],"wp:term":[{"taxonomy":"category","embeddable":true,"href":"https:\/\/www.fo-saint-etienne.fr\/fomunvse\/index.php?rest_route=%2Fwp%2Fv2%2Fcategories&post=6060"},{"taxonomy":"post_tag","embeddable":true,"href":"https:\/\/www.fo-saint-etienne.fr\/fomunvse\/index.php?rest_route=%2Fwp%2Fv2%2Ftags&post=6060"}],"curies":[{"name":"wp","href":"https:\/\/api.w.org\/{rel}","templated":true}]}}